{"id":21115,"date":"2023-10-09T12:04:40","date_gmt":"2023-10-09T09:04:40","guid":{"rendered":"https:\/\/cloudics.com\/?p=21115"},"modified":"2023-11-01T12:28:50","modified_gmt":"2023-11-01T09:28:50","slug":"kuidas-oma-elektrilaadijate-taristust-maksimaalset-kasu-loigata","status":"publish","type":"post","link":"https:\/\/cloudics.com\/et\/kuidas-oma-elektrilaadijate-taristust-maksimaalset-kasu-loigata\/","title":{"rendered":"Kuidas oma elektrilaadijate taristust maksimaalset kasu l\u00f5igata?"},"content":{"rendered":"\n<div class=\"wp-block-group has-very-light-gray-background-color has-background\"><div class=\"wp-block-group__inner-container is-layout-flow wp-block-group-is-layout-flow\">\n<figure class=\"wp-block-image size-large is-style-default\"><img loading=\"lazy\" decoding=\"async\" width=\"1024\" height=\"560\" src=\"https:\/\/cloudics.com\/wp-content\/uploads\/2023\/10\/ABB_Cloudics-1024x560.png\" alt=\"\" class=\"wp-image-21122\" srcset=\"https:\/\/cloudics.com\/wp-content\/uploads\/2023\/10\/ABB_Cloudics-1024x560.png 1024w, https:\/\/cloudics.com\/wp-content\/uploads\/2023\/10\/ABB_Cloudics-300x164.png 300w, https:\/\/cloudics.com\/wp-content\/uploads\/2023\/10\/ABB_Cloudics-768x420.png 768w, https:\/\/cloudics.com\/wp-content\/uploads\/2023\/10\/ABB_Cloudics.png 1098w\" sizes=\"auto, (max-width: 1024px) 100vw, 1024px\" \/><\/figure>\n\n\n\n<h2 class=\"wp-block-heading has-text-align-left druk\">Kuidas oma elektrilaadijate taristust maksimaalset kasu l\u00f5igata?<\/h2>\n\n\n<div class=\"post_date\">Postitatud: 9 October, 2023<\/div>\n\n\n\n<p>Eesti riik kohustab mitteelamu-hooneid, millel on v\u00e4hemalt 20 parkimiskohta, hiljemalt 2025. aasta alguseks varustama minimaalselt \u00fche laadimispunktiga. Kuidas aga p\u00f6\u00f6rata kohustus enda kasuks ning hakata elektrilaadijatega lisatulu teenima?<\/p>\n\n\n\n<!--more Loe rohkem..-->\n\n\n\n<h3 class=\"wp-block-heading\">Elektriautode ajastu on juba alanud<\/h3>\n\n\n\n<p><\/p>\n\n\n\n<p>Teame k\u00f5ik, et 2035. aastast tohib Euroopas m\u00fc\u00fca vaid null CO2-emissiooniga ehk heitevabasid autosid. See saab olema suureks p\u00f6\u00f6rdepunktiks, kuid protsessid selles suunas on tegelikult juba t\u00e4ie hooga k\u00e4ima l\u00e4inud.<\/p>\n\n\n\n<p>Taristuehitajad panustavad ulatuslikult laadimispunktide rajamisse ning eelmise aasta jooksul kasvas Euroopas laadimispunktide arv peaaegu 500 000 laadimispunktini.<\/p>\n\n\n\n<p>Prognoositakse, et 2030. aastal moodustab elektriautode m\u00fc\u00fck Euroopas juba rohkem kui poole uute autode m\u00fc\u00fcgist ja Statista andmetel vajab Euroopa selleks ajaks ca 3 miljonit laadimispunkti.<\/p>\n\n\n\n<p>On elektriautode osakaal siis tegelikult suurem v\u00f5i v\u00e4iksem, \u00fcks on kindel \u2013 elektris\u00f5idukid ja nendega seonduv on tulnud, et j\u00e4\u00e4da, ning tagasiteed ei paista enam olevat.<\/p>\n\n\n\n<p><\/p>\n\n\n\n<h3 class=\"wp-block-heading\">Kuidas panna oma \u00e4rihoone elektrilaadija raha teenima?<\/h3>\n\n\n\n<p><\/p>\n\n\n\n<p>Eesti riik kohustab mitteelamu-hooneid, millel on v\u00e4hemalt 20 parkimiskohta, hiljemalt 2025. aasta alguseks varustama minimaalselt \u00fche laadimispunktiga. See t\u00e4hendab, et umbes 15 kuu p\u00e4rast on meil arvestatav kogus avalikke v\u00f5i poolavalikke laadijaid, mis pole otseselt olnud \u00e4riplaani osa, kuid mida on m\u00f5istlik hakata targalt kasutama ja juhtima.<\/p>\n\n\n\n<p>Oletame, et teil on \u00fcks b\u00fcroohoone. <\/p>\n\n\n\n<p>P\u00e4eval kasutavad laadijaid \u00e4ripindade \u00fc\u00fcrnikud ja nende kliendid ning sel ajal on need avalikuks kasutamiseks suletud. \u00dc\u00fcrnike ja nende klientide jaoks on tegemist suurep\u00e4rase lisav\u00e4\u00e4rtusega ning \u00fcks p\u00f5hjus just teie \u00e4ripinna valimiseks.<\/p>\n\n\n\n<p>Peale t\u00f6\u00f6aega on aga b\u00fcroohoone t\u00fchi ja laadijad j\u00e4\u00e4vad kasutuseta. \u00d5nneks on naabruses korterelamud, kus kindlasti leidub juba t\u00e4na mitmeid elektriautode omanikke v\u00f5i v\u00e4hemalt huvilisi, kes pole veel uut autot ostnud, kuna laadimistaristu v\u00e4ljaehitus kortermaja parklas on osutunud keeruliseks v\u00e4ljakutseks.<\/p>\n\n\n\n<p>Tehes oma laadijad t\u00f6\u00f6v\u00e4liseks ajaks avalikult kasutatavaks tekib nn &#8220;win-win&#8221; olukord, kus \u00fc\u00fcrnikel ja nende klientidel on autoaku t\u00e4is, \u00fc\u00fcrnikud saavad pakkuda premium kliendikogemust ja naabruses elavad elektriautode omanikud leiavad oma laadimisprobleemile lahenduse.<\/p>\n\n\n\n<p>Suures plaanis vaadatuna on maakera iga jagatud laadimisega taas veidi rohelisem paik.<\/p>\n\n\n\n<p><\/p>\n\n\n\n<h3 class=\"wp-block-heading\">Seadke laadijate kasutamisele omad tingimused<\/h3>\n\n\n\n<p><\/p>\n\n\n\n<p>Valides keskselt hallatavad ja juhitavad targad laadijad, mille andmevoo suunamine tausts\u00fcsteemi on lihtne, saate teie operaatorina m\u00e4\u00e4rata laadijate kasutamise.<\/p>\n\n\n\n<p><a href=\"https:\/\/cloudics.com\/et\/elektrilaadimine\/\">Cloudicsi platvormiga<\/a> saate seada oma tingimused: milline on laadijate p\u00e4evase kasutamise kord, kellel ja kuna on \u00f5igus laadijat kasutada, milline on teenuse hind ja nii edasi. <\/p>\n\n\n\n<p>Kuid kuidas motiveerida kortermajadest \u00f6\u00f6seks v\u00f5i n\u00e4dalavahetuseks teie juurde laadima tulnud autoomanikke \u00e4rip\u00e4eva hommikul saabuvatele \u00fc\u00fcrnikele ja nende klientidele laadimiskohtasid vabastama? <\/p>\n\n\n\n<p>\u00dcheks v\u00f5imaluseks on kehtestada parkimistasu, mis rakendub n\u00e4iteks hommikul kell 8.00-st ja mille kohta saab auto omanik eelnevalt vastavasisulise teate mobiiltelefoni. <\/p>\n\n\n\n<p>Kirjeldatud loogikat saab tegelikult kasutada ka n\u00e4iteks autoesinduste, spordihoonete, muuseumide, raamatukogude v\u00f5i miks mitte ka loomaaia parklas.<\/p>\n\n\n\n<p>Lugege Cloudicsi kohta rohkem <a href=\"https:\/\/cloudics.com\/et\/elektrilaadimine\/\">siit<\/a>.<\/p>\n\n\n\n<div class=\"wp-block-columns is-layout-flex wp-container-core-columns-is-layout-9d6595d7 wp-block-columns-is-layout-flex\">\n<div class=\"wp-block-column is-layout-flow wp-block-column-is-layout-flow\" style=\"flex-basis:33.33%\">\n<h3 class=\"wp-block-heading\">Paneme teie \u00e4pi laadima<\/h3>\n\n\n\n<p>Kas teie ettev\u00f5ttel on oma mobiilirakendus juba olemas?<\/p>\n\n\n\n<p>Suurep\u00e4rane, integreerime sinna laadimise funktsionaalsuse ja paneme selle edukalt t\u00f6\u00f6le. <\/p>\n\n\n\n<p>Olgu see algselt m\u00f5eldud \u00e4rihoone, mugavuspoe, tankla, majutusasutuse v\u00f5i veel hoopis millegi muu haldamiseks \u2013 elektrilaadimise lisamine teie \u00e4ppi pakub lisav\u00e4\u00e4rtust juba olemasolevatele teenustele.<\/p>\n\n\n\n<p><a href=\"https:\/\/cloudics.com\/et\/app\/\">Loe t\u00e4psemalt Cloudicsi mobiilirakenduse kohta siit.<\/a><\/p>\n<\/div>\n\n\n\n<div class=\"wp-block-column is-layout-flow wp-block-column-is-layout-flow\" style=\"flex-basis:66.66%\">\n<div style=\"height:29px\" aria-hidden=\"true\" class=\"wp-block-spacer\"><\/div>\n\n\n\n<figure class=\"wp-block-image size-large is-style-default\"><img decoding=\"async\" src=\"https:\/\/astrobaltics.eu\/wp-content\/uploads\/2023\/10\/EV-app-smaller-1024x682.png\" alt=\"\" class=\"wp-image-37335\"\/><\/figure>\n<\/div>\n<\/div>\n\n\n\n<p><\/p>\n\n\n\n<h3 class=\"wp-block-heading\">Mitteavaliku laadimistaristu d\u00fcnaamiline juhtimine<\/h3>\n\n\n\n<p><\/p>\n\n\n\n<p>Liigume n\u00fc\u00fcd avalikust laadimistaristust mitteavalike laadimispunktide juurde, kuna ka viimaseid on otstarbekas targalt ja d\u00fcnaamiliselt juhtida selleks, et v\u00e4ltida kulukat investeeringut lisaamprite ostmiseks ja tulemustlikult kulusid optimeerida.<\/p>\n\n\n\n<p>Vaatleme n\u00e4iteks logistikakeskust, kus on vaja kindlal ajal laadida suur hulk elektris\u00f5idukeid, kuid samas hoida t\u00f6\u00f6s ka energiamahukas sorteerimisliin.<\/p>\n\n\n\n<p><\/p>\n\n\n\n<p><a href=\"https:\/\/cloudics.com\/et\/elektrilaadimine\/\">Cloudicsi platvorm<\/a> v\u00f5imaldab d\u00fcnaamiliselt juhtida laadijate kasutatavat elektriv\u00f5imsust. Kui sorteerimisliin t\u00f6\u00f6tab, siis laadijad kasutavad vaid n-\u00f6 \u00fcle j\u00e4\u00e4vat v\u00f5imsust. Lisaks on v\u00f5imalik laadijatele m\u00e4\u00e4rata prioriteedid, tagamaks olukorra, et hommikul esimesena v\u00e4lja s\u00f5itvate autode akud on \u00f5igeks ajaks laetud.<\/p>\n\n\n\n<p>Teisest k\u00fcljest, kui v\u00f5imsust pole vaja hoone ja laadijate vahel jagada, siis saab laadijaid juhtida elektrib\u00f6rsi hinna alusel. Autod laevad siis, kui see on k\u00f5ige soodsam. N\u00e4iteks 10 elektriautoga autopargi v\u00f5it v\u00f5ib olla sadu eurosid kuus.<\/p>\n\n\n\n<p><\/p>\n\n\n\n<p><\/p>\n\n\n\n<p><strong>Kui soovite rohkem teada Cloudicsi platvormi kohta v\u00f5i panna ka enda laadimistaristu teenima, siis v\u00f5tke meiega \u00fchendust:<\/strong><\/p>\n\n\n\n<p><a href=\"mailto:info@cloudics.com\">info@cloudics.com<br><\/a>+372&nbsp;628 0000<\/p>\n\n\n\n<p><a href=\"http:\/\/www.astrobaltics.eu\/en\/cloudics\" target=\"_blank\" rel=\"noreferrer noopener\">Cloudics<\/a><br>Elektrilaadimise teejuht tulevikku<\/p>\n\n\n\n<div class=\"wp-block-columns is-layout-flex wp-container-core-columns-is-layout-9d6595d7 wp-block-columns-is-layout-flex\">\n<div class=\"wp-block-column is-layout-flow wp-block-column-is-layout-flow\">\n<ul class=\"wp-block-social-links is-layout-flex wp-block-social-links-is-layout-flex\"><li class=\"wp-social-link wp-social-link-linkedin  wp-block-social-link\"><a href=\"https:\/\/www.linkedin.com\/company\/cloudics\/\" class=\"wp-block-social-link-anchor\"><svg width=\"24\" height=\"24\" viewBox=\"0 0 24 24\" version=\"1.1\" xmlns=\"http:\/\/www.w3.org\/2000\/svg\" aria-hidden=\"true\" focusable=\"false\"><path d=\"M19.7,3H4.3C3.582,3,3,3.582,3,4.3v15.4C3,20.418,3.582,21,4.3,21h15.4c0.718,0,1.3-0.582,1.3-1.3V4.3 C21,3.582,20.418,3,19.7,3z M8.339,18.338H5.667v-8.59h2.672V18.338z M7.004,8.574c-0.857,0-1.549-0.694-1.549-1.548 c0-0.855,0.691-1.548,1.549-1.548c0.854,0,1.547,0.694,1.547,1.548C8.551,7.881,7.858,8.574,7.004,8.574z M18.339,18.338h-2.669 v-4.177c0-0.996-0.017-2.278-1.387-2.278c-1.389,0-1.601,1.086-1.601,2.206v4.249h-2.667v-8.59h2.559v1.174h0.037 c0.356-0.675,1.227-1.387,2.526-1.387c2.703,0,3.203,1.779,3.203,4.092V18.338z\"><\/path><\/svg><span class=\"wp-block-social-link-label screen-reader-text\">LinkedIn<\/span><\/a><\/li>\n\n<li class=\"wp-social-link wp-social-link-twitter  wp-block-social-link\"><a href=\"https:\/\/twitter.com\/Cloudics_com\" class=\"wp-block-social-link-anchor\"><svg width=\"24\" height=\"24\" viewBox=\"0 0 24 24\" version=\"1.1\" xmlns=\"http:\/\/www.w3.org\/2000\/svg\" aria-hidden=\"true\" focusable=\"false\"><path d=\"M22.23,5.924c-0.736,0.326-1.527,0.547-2.357,0.646c0.847-0.508,1.498-1.312,1.804-2.27 c-0.793,0.47-1.671,0.812-2.606,0.996C18.324,4.498,17.257,4,16.077,4c-2.266,0-4.103,1.837-4.103,4.103 c0,0.322,0.036,0.635,0.106,0.935C8.67,8.867,5.647,7.234,3.623,4.751C3.27,5.357,3.067,6.062,3.067,6.814 c0,1.424,0.724,2.679,1.825,3.415c-0.673-0.021-1.305-0.206-1.859-0.513c0,0.017,0,0.034,0,0.052c0,1.988,1.414,3.647,3.292,4.023 c-0.344,0.094-0.707,0.144-1.081,0.144c-0.264,0-0.521-0.026-0.772-0.074c0.522,1.63,2.038,2.816,3.833,2.85 c-1.404,1.1-3.174,1.756-5.096,1.756c-0.331,0-0.658-0.019-0.979-0.057c1.816,1.164,3.973,1.843,6.29,1.843 c7.547,0,11.675-6.252,11.675-11.675c0-0.178-0.004-0.355-0.012-0.531C20.985,7.47,21.68,6.747,22.23,5.924z\"><\/path><\/svg><span class=\"wp-block-social-link-label screen-reader-text\">Twitter<\/span><\/a><\/li><\/ul>\n<\/div>\n<\/div>\n<\/div><\/div>\n","protected":false},"excerpt":{"rendered":"<p>Eesti riik kohustab mitteelamu-hooneid, millel on v\u00e4hemalt 20 parkimiskohta, hiljemalt 2025. aasta alguseks varustama minimaalselt \u00fche laadimispunktiga. Kuidas aga p\u00f6\u00f6rata kohustus enda kasuks ning hakata elektrilaadijatega lisatulu teenima?<\/p>\n","protected":false},"author":7,"featured_media":21122,"comment_status":"closed","ping_status":"open","sticky":false,"template":"","format":"standard","meta":{"footnotes":""},"categories":[2],"tags":[203,295,205,208,209],"class_list":["post-21115","post","type-post","status-publish","format-standard","has-post-thumbnail","hentry","category-cloudics-news2","tag-app-2-et","tag-charging","tag-cloudics-2-et","tag-ev-2-et","tag-ev-charging-2-et"],"yoast_head":"<!-- This site is optimized with the Yoast SEO plugin v27.4 - https:\/\/yoast.com\/product\/yoast-seo-wordpress\/ -->\n<title>Kuidas oma elektrilaadijate taristust maksimaalset kasu l\u00f5igata?<\/title>\n<meta name=\"description\" content=\"Kuidas p\u00f6\u00f6rata kohustus varustada mitteelamu-hooned 2025. aastaks laadimispunktidega enda kasuks ning hakata laadijate abil lisatulu teenima?\" \/>\n<meta name=\"robots\" content=\"index, follow, max-snippet:-1, max-image-preview:large, max-video-preview:-1\" \/>\n<link rel=\"canonical\" href=\"https:\/\/cloudics.com\/et\/kuidas-oma-elektrilaadijate-taristust-maksimaalset-kasu-loigata\/\" \/>\n<meta property=\"og:locale\" content=\"et_EE\" \/>\n<meta property=\"og:type\" content=\"article\" \/>\n<meta property=\"og:title\" content=\"Kuidas oma elektrilaadijate taristust maksimaalset kasu l\u00f5igata?\" \/>\n<meta property=\"og:description\" content=\"Kuidas p\u00f6\u00f6rata kohustus varustada mitteelamu-hooned 2025. aastaks laadimispunktidega enda kasuks ning hakata laadijate abil lisatulu teenima?\" \/>\n<meta property=\"og:url\" content=\"https:\/\/cloudics.com\/et\/kuidas-oma-elektrilaadijate-taristust-maksimaalset-kasu-loigata\/\" \/>\n<meta property=\"og:site_name\" content=\"Cloudics\" \/>\n<meta property=\"article:publisher\" content=\"https:\/\/www.facebook.com\/Cloudics\" \/>\n<meta property=\"article:published_time\" content=\"2023-10-09T09:04:40+00:00\" \/>\n<meta property=\"article:modified_time\" content=\"2023-11-01T09:28:50+00:00\" \/>\n<meta property=\"og:image\" content=\"https:\/\/cloudics.com\/wp-content\/uploads\/2023\/10\/ABB_Cloudics.png\" \/>\n\t<meta property=\"og:image:width\" content=\"1098\" \/>\n\t<meta property=\"og:image:height\" content=\"600\" \/>\n\t<meta property=\"og:image:type\" content=\"image\/png\" \/>\n<meta name=\"author\" content=\"Pamela Paul\" \/>\n<meta name=\"twitter:card\" content=\"summary_large_image\" \/>\n<meta name=\"twitter:creator\" content=\"@Cloudics_com\" \/>\n<meta name=\"twitter:site\" content=\"@Cloudics_com\" \/>\n<meta name=\"twitter:label1\" content=\"Written by\" \/>\n\t<meta name=\"twitter:data1\" content=\"Pamela Paul\" \/>\n\t<meta name=\"twitter:label2\" content=\"Est. reading time\" \/>\n\t<meta name=\"twitter:data2\" content=\"4 minutit\" \/>\n<script type=\"application\/ld+json\" class=\"yoast-schema-graph\">{\"@context\":\"https:\\\/\\\/schema.org\",\"@graph\":[{\"@type\":\"Article\",\"@id\":\"https:\\\/\\\/cloudics.com\\\/et\\\/kuidas-oma-elektrilaadijate-taristust-maksimaalset-kasu-loigata\\\/#article\",\"isPartOf\":{\"@id\":\"https:\\\/\\\/cloudics.com\\\/et\\\/kuidas-oma-elektrilaadijate-taristust-maksimaalset-kasu-loigata\\\/\"},\"author\":{\"name\":\"Pamela Paul\",\"@id\":\"https:\\\/\\\/cloudics.com\\\/en\\\/#\\\/schema\\\/person\\\/9e4dc5e7bfea66dc253bebd3465eed9d\"},\"headline\":\"Kuidas oma elektrilaadijate taristust maksimaalset kasu l\u00f5igata?\",\"datePublished\":\"2023-10-09T09:04:40+00:00\",\"dateModified\":\"2023-11-01T09:28:50+00:00\",\"mainEntityOfPage\":{\"@id\":\"https:\\\/\\\/cloudics.com\\\/et\\\/kuidas-oma-elektrilaadijate-taristust-maksimaalset-kasu-loigata\\\/\"},\"wordCount\":722,\"publisher\":{\"@id\":\"https:\\\/\\\/cloudics.com\\\/en\\\/#organization\"},\"image\":{\"@id\":\"https:\\\/\\\/cloudics.com\\\/et\\\/kuidas-oma-elektrilaadijate-taristust-maksimaalset-kasu-loigata\\\/#primaryimage\"},\"thumbnailUrl\":\"https:\\\/\\\/cloudics.com\\\/wp-content\\\/uploads\\\/2023\\\/10\\\/ABB_Cloudics.png\",\"keywords\":[\"App\",\"charging\",\"Cloudics\",\"EV\",\"EV charging\"],\"articleSection\":[\"Cloudics news\"],\"inLanguage\":\"et\"},{\"@type\":\"WebPage\",\"@id\":\"https:\\\/\\\/cloudics.com\\\/et\\\/kuidas-oma-elektrilaadijate-taristust-maksimaalset-kasu-loigata\\\/\",\"url\":\"https:\\\/\\\/cloudics.com\\\/et\\\/kuidas-oma-elektrilaadijate-taristust-maksimaalset-kasu-loigata\\\/\",\"name\":\"Kuidas oma elektrilaadijate taristust maksimaalset kasu l\u00f5igata?\",\"isPartOf\":{\"@id\":\"https:\\\/\\\/cloudics.com\\\/en\\\/#website\"},\"primaryImageOfPage\":{\"@id\":\"https:\\\/\\\/cloudics.com\\\/et\\\/kuidas-oma-elektrilaadijate-taristust-maksimaalset-kasu-loigata\\\/#primaryimage\"},\"image\":{\"@id\":\"https:\\\/\\\/cloudics.com\\\/et\\\/kuidas-oma-elektrilaadijate-taristust-maksimaalset-kasu-loigata\\\/#primaryimage\"},\"thumbnailUrl\":\"https:\\\/\\\/cloudics.com\\\/wp-content\\\/uploads\\\/2023\\\/10\\\/ABB_Cloudics.png\",\"datePublished\":\"2023-10-09T09:04:40+00:00\",\"dateModified\":\"2023-11-01T09:28:50+00:00\",\"description\":\"Kuidas p\u00f6\u00f6rata kohustus varustada mitteelamu-hooned 2025. aastaks laadimispunktidega enda kasuks ning hakata laadijate abil lisatulu teenima?\",\"inLanguage\":\"et\",\"potentialAction\":[{\"@type\":\"ReadAction\",\"target\":[\"https:\\\/\\\/cloudics.com\\\/et\\\/kuidas-oma-elektrilaadijate-taristust-maksimaalset-kasu-loigata\\\/\"]}]},{\"@type\":\"ImageObject\",\"inLanguage\":\"et\",\"@id\":\"https:\\\/\\\/cloudics.com\\\/et\\\/kuidas-oma-elektrilaadijate-taristust-maksimaalset-kasu-loigata\\\/#primaryimage\",\"url\":\"https:\\\/\\\/cloudics.com\\\/wp-content\\\/uploads\\\/2023\\\/10\\\/ABB_Cloudics.png\",\"contentUrl\":\"https:\\\/\\\/cloudics.com\\\/wp-content\\\/uploads\\\/2023\\\/10\\\/ABB_Cloudics.png\",\"width\":1098,\"height\":600},{\"@type\":\"WebSite\",\"@id\":\"https:\\\/\\\/cloudics.com\\\/en\\\/#website\",\"url\":\"https:\\\/\\\/cloudics.com\\\/en\\\/\",\"name\":\"Cloudics\",\"description\":\"\",\"publisher\":{\"@id\":\"https:\\\/\\\/cloudics.com\\\/en\\\/#organization\"},\"potentialAction\":[{\"@type\":\"SearchAction\",\"target\":{\"@type\":\"EntryPoint\",\"urlTemplate\":\"https:\\\/\\\/cloudics.com\\\/en\\\/?s={search_term_string}\"},\"query-input\":{\"@type\":\"PropertyValueSpecification\",\"valueRequired\":true,\"valueName\":\"search_term_string\"}}],\"inLanguage\":\"et\"},{\"@type\":\"Organization\",\"@id\":\"https:\\\/\\\/cloudics.com\\\/en\\\/#organization\",\"name\":\"Cloudics\",\"url\":\"https:\\\/\\\/cloudics.com\\\/en\\\/\",\"logo\":{\"@type\":\"ImageObject\",\"inLanguage\":\"et\",\"@id\":\"https:\\\/\\\/cloudics.com\\\/en\\\/#\\\/schema\\\/logo\\\/image\\\/\",\"url\":\"https:\\\/\\\/cloudics.com\\\/wp-content\\\/uploads\\\/2022\\\/12\\\/logo_sign_b.png\",\"contentUrl\":\"https:\\\/\\\/cloudics.com\\\/wp-content\\\/uploads\\\/2022\\\/12\\\/logo_sign_b.png\",\"width\":163,\"height\":133,\"caption\":\"Cloudics\"},\"image\":{\"@id\":\"https:\\\/\\\/cloudics.com\\\/en\\\/#\\\/schema\\\/logo\\\/image\\\/\"},\"sameAs\":[\"https:\\\/\\\/www.facebook.com\\\/Cloudics\",\"https:\\\/\\\/x.com\\\/Cloudics_com\",\"https:\\\/\\\/www.linkedin.com\\\/company\\\/cloudics\",\"https:\\\/\\\/www.instagram.com\\\/cloudics_com\"]},{\"@type\":\"Person\",\"@id\":\"https:\\\/\\\/cloudics.com\\\/en\\\/#\\\/schema\\\/person\\\/9e4dc5e7bfea66dc253bebd3465eed9d\",\"name\":\"Pamela Paul\",\"image\":{\"@type\":\"ImageObject\",\"inLanguage\":\"et\",\"@id\":\"https:\\\/\\\/secure.gravatar.com\\\/avatar\\\/9e2d93ab00589d005b5554b6550360a860aec52fc8eedb5a7915b1c6c714ac13?s=96&d=mm&r=g\",\"url\":\"https:\\\/\\\/secure.gravatar.com\\\/avatar\\\/9e2d93ab00589d005b5554b6550360a860aec52fc8eedb5a7915b1c6c714ac13?s=96&d=mm&r=g\",\"contentUrl\":\"https:\\\/\\\/secure.gravatar.com\\\/avatar\\\/9e2d93ab00589d005b5554b6550360a860aec52fc8eedb5a7915b1c6c714ac13?s=96&d=mm&r=g\",\"caption\":\"Pamela Paul\"},\"url\":\"https:\\\/\\\/cloudics.com\\\/et\\\/author\\\/pamela\\\/\"}]}<\/script>\n<!-- \/ Yoast SEO plugin. -->","yoast_head_json":{"title":"Kuidas oma elektrilaadijate taristust maksimaalset kasu l\u00f5igata?","description":"Kuidas p\u00f6\u00f6rata kohustus varustada mitteelamu-hooned 2025. aastaks laadimispunktidega enda kasuks ning hakata laadijate abil lisatulu teenima?","robots":{"index":"index","follow":"follow","max-snippet":"max-snippet:-1","max-image-preview":"max-image-preview:large","max-video-preview":"max-video-preview:-1"},"canonical":"https:\/\/cloudics.com\/et\/kuidas-oma-elektrilaadijate-taristust-maksimaalset-kasu-loigata\/","og_locale":"et_EE","og_type":"article","og_title":"Kuidas oma elektrilaadijate taristust maksimaalset kasu l\u00f5igata?","og_description":"Kuidas p\u00f6\u00f6rata kohustus varustada mitteelamu-hooned 2025. aastaks laadimispunktidega enda kasuks ning hakata laadijate abil lisatulu teenima?","og_url":"https:\/\/cloudics.com\/et\/kuidas-oma-elektrilaadijate-taristust-maksimaalset-kasu-loigata\/","og_site_name":"Cloudics","article_publisher":"https:\/\/www.facebook.com\/Cloudics","article_published_time":"2023-10-09T09:04:40+00:00","article_modified_time":"2023-11-01T09:28:50+00:00","og_image":[{"width":1098,"height":600,"url":"https:\/\/cloudics.com\/wp-content\/uploads\/2023\/10\/ABB_Cloudics.png","type":"image\/png"}],"author":"Pamela Paul","twitter_card":"summary_large_image","twitter_creator":"@Cloudics_com","twitter_site":"@Cloudics_com","twitter_misc":{"Written by":"Pamela Paul","Est. reading time":"4 minutit"},"schema":{"@context":"https:\/\/schema.org","@graph":[{"@type":"Article","@id":"https:\/\/cloudics.com\/et\/kuidas-oma-elektrilaadijate-taristust-maksimaalset-kasu-loigata\/#article","isPartOf":{"@id":"https:\/\/cloudics.com\/et\/kuidas-oma-elektrilaadijate-taristust-maksimaalset-kasu-loigata\/"},"author":{"name":"Pamela Paul","@id":"https:\/\/cloudics.com\/en\/#\/schema\/person\/9e4dc5e7bfea66dc253bebd3465eed9d"},"headline":"Kuidas oma elektrilaadijate taristust maksimaalset kasu l\u00f5igata?","datePublished":"2023-10-09T09:04:40+00:00","dateModified":"2023-11-01T09:28:50+00:00","mainEntityOfPage":{"@id":"https:\/\/cloudics.com\/et\/kuidas-oma-elektrilaadijate-taristust-maksimaalset-kasu-loigata\/"},"wordCount":722,"publisher":{"@id":"https:\/\/cloudics.com\/en\/#organization"},"image":{"@id":"https:\/\/cloudics.com\/et\/kuidas-oma-elektrilaadijate-taristust-maksimaalset-kasu-loigata\/#primaryimage"},"thumbnailUrl":"https:\/\/cloudics.com\/wp-content\/uploads\/2023\/10\/ABB_Cloudics.png","keywords":["App","charging","Cloudics","EV","EV charging"],"articleSection":["Cloudics news"],"inLanguage":"et"},{"@type":"WebPage","@id":"https:\/\/cloudics.com\/et\/kuidas-oma-elektrilaadijate-taristust-maksimaalset-kasu-loigata\/","url":"https:\/\/cloudics.com\/et\/kuidas-oma-elektrilaadijate-taristust-maksimaalset-kasu-loigata\/","name":"Kuidas oma elektrilaadijate taristust maksimaalset kasu l\u00f5igata?","isPartOf":{"@id":"https:\/\/cloudics.com\/en\/#website"},"primaryImageOfPage":{"@id":"https:\/\/cloudics.com\/et\/kuidas-oma-elektrilaadijate-taristust-maksimaalset-kasu-loigata\/#primaryimage"},"image":{"@id":"https:\/\/cloudics.com\/et\/kuidas-oma-elektrilaadijate-taristust-maksimaalset-kasu-loigata\/#primaryimage"},"thumbnailUrl":"https:\/\/cloudics.com\/wp-content\/uploads\/2023\/10\/ABB_Cloudics.png","datePublished":"2023-10-09T09:04:40+00:00","dateModified":"2023-11-01T09:28:50+00:00","description":"Kuidas p\u00f6\u00f6rata kohustus varustada mitteelamu-hooned 2025. aastaks laadimispunktidega enda kasuks ning hakata laadijate abil lisatulu teenima?","inLanguage":"et","potentialAction":[{"@type":"ReadAction","target":["https:\/\/cloudics.com\/et\/kuidas-oma-elektrilaadijate-taristust-maksimaalset-kasu-loigata\/"]}]},{"@type":"ImageObject","inLanguage":"et","@id":"https:\/\/cloudics.com\/et\/kuidas-oma-elektrilaadijate-taristust-maksimaalset-kasu-loigata\/#primaryimage","url":"https:\/\/cloudics.com\/wp-content\/uploads\/2023\/10\/ABB_Cloudics.png","contentUrl":"https:\/\/cloudics.com\/wp-content\/uploads\/2023\/10\/ABB_Cloudics.png","width":1098,"height":600},{"@type":"WebSite","@id":"https:\/\/cloudics.com\/en\/#website","url":"https:\/\/cloudics.com\/en\/","name":"Cloudics","description":"","publisher":{"@id":"https:\/\/cloudics.com\/en\/#organization"},"potentialAction":[{"@type":"SearchAction","target":{"@type":"EntryPoint","urlTemplate":"https:\/\/cloudics.com\/en\/?s={search_term_string}"},"query-input":{"@type":"PropertyValueSpecification","valueRequired":true,"valueName":"search_term_string"}}],"inLanguage":"et"},{"@type":"Organization","@id":"https:\/\/cloudics.com\/en\/#organization","name":"Cloudics","url":"https:\/\/cloudics.com\/en\/","logo":{"@type":"ImageObject","inLanguage":"et","@id":"https:\/\/cloudics.com\/en\/#\/schema\/logo\/image\/","url":"https:\/\/cloudics.com\/wp-content\/uploads\/2022\/12\/logo_sign_b.png","contentUrl":"https:\/\/cloudics.com\/wp-content\/uploads\/2022\/12\/logo_sign_b.png","width":163,"height":133,"caption":"Cloudics"},"image":{"@id":"https:\/\/cloudics.com\/en\/#\/schema\/logo\/image\/"},"sameAs":["https:\/\/www.facebook.com\/Cloudics","https:\/\/x.com\/Cloudics_com","https:\/\/www.linkedin.com\/company\/cloudics","https:\/\/www.instagram.com\/cloudics_com"]},{"@type":"Person","@id":"https:\/\/cloudics.com\/en\/#\/schema\/person\/9e4dc5e7bfea66dc253bebd3465eed9d","name":"Pamela Paul","image":{"@type":"ImageObject","inLanguage":"et","@id":"https:\/\/secure.gravatar.com\/avatar\/9e2d93ab00589d005b5554b6550360a860aec52fc8eedb5a7915b1c6c714ac13?s=96&d=mm&r=g","url":"https:\/\/secure.gravatar.com\/avatar\/9e2d93ab00589d005b5554b6550360a860aec52fc8eedb5a7915b1c6c714ac13?s=96&d=mm&r=g","contentUrl":"https:\/\/secure.gravatar.com\/avatar\/9e2d93ab00589d005b5554b6550360a860aec52fc8eedb5a7915b1c6c714ac13?s=96&d=mm&r=g","caption":"Pamela Paul"},"url":"https:\/\/cloudics.com\/et\/author\/pamela\/"}]}},"_links":{"self":[{"href":"https:\/\/cloudics.com\/et\/wp-json\/wp\/v2\/posts\/21115","targetHints":{"allow":["GET"]}}],"collection":[{"href":"https:\/\/cloudics.com\/et\/wp-json\/wp\/v2\/posts"}],"about":[{"href":"https:\/\/cloudics.com\/et\/wp-json\/wp\/v2\/types\/post"}],"author":[{"embeddable":true,"href":"https:\/\/cloudics.com\/et\/wp-json\/wp\/v2\/users\/7"}],"replies":[{"embeddable":true,"href":"https:\/\/cloudics.com\/et\/wp-json\/wp\/v2\/comments?post=21115"}],"version-history":[{"count":8,"href":"https:\/\/cloudics.com\/et\/wp-json\/wp\/v2\/posts\/21115\/revisions"}],"predecessor-version":[{"id":21346,"href":"https:\/\/cloudics.com\/et\/wp-json\/wp\/v2\/posts\/21115\/revisions\/21346"}],"wp:featuredmedia":[{"embeddable":true,"href":"https:\/\/cloudics.com\/et\/wp-json\/wp\/v2\/media\/21122"}],"wp:attachment":[{"href":"https:\/\/cloudics.com\/et\/wp-json\/wp\/v2\/media?parent=21115"}],"wp:term":[{"taxonomy":"category","embeddable":true,"href":"https:\/\/cloudics.com\/et\/wp-json\/wp\/v2\/categories?post=21115"},{"taxonomy":"post_tag","embeddable":true,"href":"https:\/\/cloudics.com\/et\/wp-json\/wp\/v2\/tags?post=21115"}],"curies":[{"name":"wp","href":"https:\/\/api.w.org\/{rel}","templated":true}]}}